{"id":455,"date":"2024-09-23T16:28:26","date_gmt":"2024-09-23T14:28:26","guid":{"rendered":"https:\/\/iden3d.com\/vivre-un-monde-d-amour-v1\/?p=455"},"modified":"2025-05-14T17:20:51","modified_gmt":"2025-05-14T15:20:51","slug":"le-corps-mental-et-physique-et-le-bonheur-de-letre-humain","status":"publish","type":"post","link":"https:\/\/iden3d.com\/vivre-un-monde-d-amour\/2024\/09\/23\/le-corps-mental-et-physique-et-le-bonheur-de-letre-humain\/","title":{"rendered":"Le corps, mental et physique."},"content":{"rendered":"\n<p>Dans notre mod\u00e9lisation, le corps &#8211; mental et physique &#8211; n&rsquo;est pas diff\u00e9rent de la mani\u00e8re dont il est classiquement per\u00e7u par le sens commun et par les disciplines scientifiques et m\u00e9dicales qui s&rsquo;int\u00e9ressent \u00e0 l&rsquo;\u00eatre humain.<\/p>\n\n\n\n<p>La nuance que nous introduisons est cependant tr\u00e8s importante : l&rsquo;observation nous fait consid\u00e9rer qu&rsquo;une partie de la complexit\u00e9 de nos fonctionnalit\u00e9s doit faire l&rsquo;objet d&rsquo;une attention particuli\u00e8re. Il s&rsquo;agit bien s\u00fbr de la source de notre \u00e9lan vital, de ce que nous  avons appel\u00e9 l&rsquo;\u00e2me. Et nous consid\u00e9rons que cette source doit faire l&rsquo;objet de l&rsquo;attention de tout notre \u00eatre.  Pour faciliter la prise de conscience de cette fonction subtile de notre \u00eatre nous la diff\u00e9rencions et appelons corps tout ce qui dans notre \u00eatre n&rsquo;est pas \u00e2me. <\/p>\n\n\n\n<p><\/p>\n\n\n\n<p>Ainsi, dans notre mod\u00e8le, le corps mental et physique est le vecteur d&rsquo;information et d&rsquo;action de l&rsquo;\u00e2me dans le monde :<\/p>\n\n\n\n<ul>\n<li>Le corps capte les informations du monde environnant, traite ces informations et les transmet \u00e0 l&rsquo;\u00e2me de mani\u00e8re \u00e0 ce que celle-ci ait une vision aussi claire que possible du monde dans lequel son \u00eatre humain \u00e9volue. L&rsquo;\u00e9lan vital de l&rsquo;\u00eatre humain pourra ainsi \u00eatre d\u00e9ploy\u00e9 en coh\u00e9rence avec le&nbsp; monde qui l&rsquo;entoure.<\/li>\n\n\n\n<li>Le corps doit aussi \u00eatre \u00e0 l&rsquo;\u00e9coute de l&rsquo;\u00e2me, partie essentielle de la vie de l&rsquo;\u00eatre humain dont il fait partie. Il doit mettre en \u0153uvre tous les moyens mentaux et physiques permettant de satisfaire les besoins de l&rsquo;\u00e2me et permettant de traduire le souffle de vie en pens\u00e9es et actions appropri\u00e9es.<\/li>\n<\/ul>\n\n\n\n<p><\/p>\n\n\n\n<p>Dans les deux cas, informateur de l&rsquo;\u00e2me et interpr\u00e9teur de l&rsquo;\u00e2me, le corps mental et physique a un r\u00f4le de mod\u00e9rateur: il doit en effet tenir compte de la r\u00e9alit\u00e9 imm\u00e9diate avec ses contraintes et ses dangers pour assurer le bien-\u00eatre physique et mat\u00e9riel de son \u00eatre humain.<\/p>\n\n\n\n<p><br>Pour assurer au mieux son r\u00f4le d&rsquo;interm\u00e9diaire entre l&rsquo;\u00e2me et le monde, le corps doit aussi prendre soin de lui. Il le fait par des actions r\u00e9flexes telles que la respiration ou par des actions pilot\u00e9es par le mental telles l&rsquo;achat de nourriture.<br><\/p>\n\n\n\n<p>Dans le cadre d&rsquo;un fonctionnement normal de l&rsquo;\u00eatre humain (c&rsquo;est \u00e0 dire lorsque le mental est d&rsquo;abord au service de l&rsquo;\u00e2me), pour favoriser la bonne sant\u00e9 du mental et du corps physique on peut se r\u00e9f\u00e9rer \u00e0 toutes les disciplines m\u00e9dicales et \u00e0 toutes les bonnes \u00e9tudes relatives \u00e0 la sant\u00e9.&nbsp;<\/p>\n\n\n\n<p>Dans les cas o\u00f9 le mental se d\u00e9sint\u00e9resse des besoins de l&rsquo;\u00e2me, la  sant\u00e9 mentale et physique du corps peut en p\u00e2tir. <\/p>\n\n\n\n<p><\/p>\n\n\n\n<p><\/p>\n","protected":false},"excerpt":{"rendered":"<p>Dans notre mod\u00e9lisation, le corps &#8211; mental et physique &#8211; n&rsquo;est pas diff\u00e9rent de la mani\u00e8re dont il est classiquement per\u00e7u par le sens commun et par les disciplines scientifiques et m\u00e9dicales qui s&rsquo;int\u00e9ressent \u00e0 l&rsquo;\u00eatre humain. La nuance que nous introduisons est cependant tr\u00e8s importante : l&rsquo;observation nous fait consid\u00e9rer qu&rsquo;une partie de la [&hellip;]<\/p>\n","protected":false},"author":1,"featured_media":0,"comment_status":"open","ping_status":"closed","sticky":false,"template":"single-with-sidebar","format":"standard","meta":{"footnotes":""},"categories":[1],"tags":[],"_links":{"self":[{"href":"https:\/\/iden3d.com\/vivre-un-monde-d-amour\/wp-json\/wp\/v2\/posts\/455"}],"collection":[{"href":"https:\/\/iden3d.com\/vivre-un-monde-d-amour\/wp-json\/wp\/v2\/posts"}],"about":[{"href":"https:\/\/iden3d.com\/vivre-un-monde-d-amour\/wp-json\/wp\/v2\/types\/post"}],"author":[{"embeddable":true,"href":"https:\/\/iden3d.com\/vivre-un-monde-d-amour\/wp-json\/wp\/v2\/users\/1"}],"replies":[{"embeddable":true,"href":"https:\/\/iden3d.com\/vivre-un-monde-d-amour\/wp-json\/wp\/v2\/comments?post=455"}],"version-history":[{"count":11,"href":"https:\/\/iden3d.com\/vivre-un-monde-d-amour\/wp-json\/wp\/v2\/posts\/455\/revisions"}],"predecessor-version":[{"id":1099,"href":"https:\/\/iden3d.com\/vivre-un-monde-d-amour\/wp-json\/wp\/v2\/posts\/455\/revisions\/1099"}],"wp:attachment":[{"href":"https:\/\/iden3d.com\/vivre-un-monde-d-amour\/wp-json\/wp\/v2\/media?parent=455"}],"wp:term":[{"taxonomy":"category","embeddable":true,"href":"https:\/\/iden3d.com\/vivre-un-monde-d-amour\/wp-json\/wp\/v2\/categories?post=455"},{"taxonomy":"post_tag","embeddable":true,"href":"https:\/\/iden3d.com\/vivre-un-monde-d-amour\/wp-json\/wp\/v2\/tags?post=455"}],"curies":[{"name":"wp","href":"https:\/\/api.w.org\/{rel}","templated":true}]}}